{"id":3242,"date":"2026-08-31T08:32:45","date_gmt":"2026-08-31T06:32:45","guid":{"rendered":"https:\/\/app.gate-31.com\/?p=3242"},"modified":"2026-08-31T08:32:45","modified_gmt":"2026-08-31T06:32:45","slug":"comment-le-bag-federe-linnovation-dans-laeronautique-le-spatial-et-la-defense","status":"publish","type":"post","link":"https:\/\/app.gate-31.com\/index.php\/2026\/08\/31\/comment-le-bag-federe-linnovation-dans-laeronautique-le-spatial-et-la-defense\/","title":{"rendered":"Comment le BAG f\u00e9d\u00e8re l\u2019innovation dans l\u2019a\u00e9ronautique, le spatial et la d\u00e9fense\u00a0"},"content":{"rendered":"\n<p class=\"wp-block-paragraph\">Rencontre avec Tillo Vanthuyne, Pr\u00e9sident du Brussels Aerospace And Defence Group (BAG)<\/p>\n\n\n<div class=\"wp-block-image\">\n<figure class=\"aligncenter size-large is-resized\"><img loading=\"lazy\" decoding=\"async\" width=\"1024\" height=\"1024\" src=\"http:\/\/app.gate-31.com\/wp-content\/uploads\/2026\/09\/20260807_092017-scaled-e1787131850322-1024x1024.jpg\" alt=\"\" class=\"wp-image-3245\" style=\"width:382px;height:auto\" srcset=\"https:\/\/app.gate-31.com\/wp-content\/uploads\/2026\/09\/20260807_092017-scaled-e1787131850322-1024x1024.jpg 1024w, https:\/\/app.gate-31.com\/wp-content\/uploads\/2026\/09\/20260807_092017-scaled-e1787131850322-300x300.jpg 300w, https:\/\/app.gate-31.com\/wp-content\/uploads\/2026\/09\/20260807_092017-scaled-e1787131850322-150x150.jpg 150w, https:\/\/app.gate-31.com\/wp-content\/uploads\/2026\/09\/20260807_092017-scaled-e1787131850322-768x768.jpg 768w, https:\/\/app.gate-31.com\/wp-content\/uploads\/2026\/09\/20260807_092017-scaled-e1787131850322-1536x1536.jpg 1536w, https:\/\/app.gate-31.com\/wp-content\/uploads\/2026\/09\/20260807_092017-scaled-e1787131850322-400x400.jpg 400w, https:\/\/app.gate-31.com\/wp-content\/uploads\/2026\/09\/20260807_092017-scaled-e1787131850322.jpg 1900w\" sizes=\"auto, (max-width: 1024px) 100vw, 1024px\" \/><figcaption class=\"wp-element-caption\">Tillo Vanthuyne, Pr\u00e9sident du BAG<\/figcaption><\/figure>\n<\/div>\n\n\n<p class=\"wp-block-paragraph\"><strong>Qu&rsquo;est-ce qui vous motive \u00e0 donner davantage de visibilit\u00e9 aux activit\u00e9s du BAG ?<\/strong><\/p>\n\n\n\n<p class=\"wp-block-paragraph\">Je suis Pr\u00e9sident du BAG depuis peu, depuis la fin de l\u2019ann\u00e9e 2024. Mais au-del\u00e0 de cette responsabilit\u00e9, c\u2019est surtout l\u2019\u00e9volution de notre secteur qui me motive. Les programmes a\u00e9ronautiques, spatiaux et de d\u00e9fense sont devenus beaucoup plus complexes et ambitieux. Aujourd\u2019hui, aucune entreprise, aucun centre de recherche, aucune universit\u00e9 ne peut relever seul les d\u00e9fis technologiques auxquels l\u2019Europe est confront\u00e9e.<br>Et c\u2019est pr\u00e9cis\u00e9ment la raison d\u2019\u00eatre du BAG : rassembler les entreprises, les centres de recherche, les universit\u00e9s et les hautes \u00e9coles de la R\u00e9gion bruxelloise pour construire un v\u00e9ritable \u00e9cosyst\u00e8me d\u2019innovation.<br>Dans cette dynamique, le BAG f\u00e9d\u00e8re, promeut et d\u00e9fend l\u2019ensemble des acteurs bas\u00e9s en R\u00e9gion bruxelloise actifs dans les secteurs de l\u2019a\u00e9rospatial et de la d\u00e9fense, qu\u2019il s\u2019agisse des centres de recherche, des hautes \u00e9coles, des universit\u00e9s ou des entreprises industrielles (start-up, PME et grandes entreprises).<\/p>\n\n\n\n<blockquote class=\"wp-block-quote is-layout-flow wp-block-quote-is-layout-flow\">\n<p class=\"wp-block-paragraph\"><em>Notre objectif est que Bruxelles soit reconnue comme p\u00f4le europ\u00e9en d\u2019excellence en a\u00e9ronautique, spatial et d\u00e9fense&nbsp;<\/em>&#8211; Tillo Vanthuyne.<\/p>\n<\/blockquote>\n\n\n\n<p class=\"wp-block-paragraph\">La souverainet\u00e9 constitue aujourd\u2019hui un enjeu majeur. Le contexte g\u00e9opolitique a profond\u00e9ment \u00e9volu\u00e9 et l&rsquo;Europe prend progressivement conscience que la s\u00e9curit\u00e9 et l\u2019autonomie technologique sont \u00e9troitement li\u00e9es. Dans ce contexte, les membres du BAG jouent un r\u00f4le essentiel dans le renforcement des capacit\u00e9s strat\u00e9giques europ\u00e9ennes.<\/p>\n\n\n\n<p class=\"wp-block-paragraph\">Un autre d\u00e9fi consiste \u00e0 pr\u00e9server et \u00e0 renforcer le tissu industriel bruxellois. Nous constatons que certaines entreprises quittent la R\u00e9gion alors m\u00eame que Bruxelles dispose d&rsquo;atouts exceptionnels : des centres de recherche de renomm\u00e9e internationale, des universit\u00e9s, des hautes \u00e9coles, des PME et des start-up innovantes. Notre r\u00f4le est pr\u00e9cis\u00e9ment de cr\u00e9er davantage de synergies entre tous ces acteurs.&nbsp;<\/p>\n\n\n<div class=\"wp-block-image\">\n<figure class=\"aligncenter size-large is-resized\"><img loading=\"lazy\" decoding=\"async\" width=\"1024\" height=\"683\" src=\"https:\/\/app.gate-31.com\/wp-content\/uploads\/2026\/09\/naknaknak-brussels-4056171-1024x683.jpg\" alt=\"\" class=\"wp-image-3252\" style=\"aspect-ratio:1.499271266574242;width:660px;height:auto\" srcset=\"https:\/\/app.gate-31.com\/wp-content\/uploads\/2026\/09\/naknaknak-brussels-4056171-1024x683.jpg 1024w, https:\/\/app.gate-31.com\/wp-content\/uploads\/2026\/09\/naknaknak-brussels-4056171-300x200.jpg 300w, https:\/\/app.gate-31.com\/wp-content\/uploads\/2026\/09\/naknaknak-brussels-4056171-768x512.jpg 768w, https:\/\/app.gate-31.com\/wp-content\/uploads\/2026\/09\/naknaknak-brussels-4056171-1536x1024.jpg 1536w, https:\/\/app.gate-31.com\/wp-content\/uploads\/2026\/09\/naknaknak-brussels-4056171-2048x1365.jpg 2048w\" sizes=\"auto, (max-width: 1024px) 100vw, 1024px\" \/><figcaption class=\"wp-element-caption\">Au-del\u00e0 de son \u00e9cosyst\u00e8me industriel, la R\u00e9gion de Bruxelles-Capitale accueille le si\u00e8ge de l&rsquo;OTAN, la Commission europ\u00e9enne ainsi que de nombreuses organisations internationales. Image \u00a9\ufe0f naknaknak<\/figcaption><\/figure>\n<\/div>\n\n\n<p class=\"wp-block-paragraph\">Bruxelles b\u00e9n\u00e9ficie \u00e9galement d&rsquo;un positionnement unique en Europe. Au-del\u00e0 de son \u00e9cosyst\u00e8me industriel, la R\u00e9gion accueille le si\u00e8ge de l&rsquo;OTAN, la Commission europ\u00e9enne ainsi que de nombreuses organisations internationales. Peu de m\u00e9tropoles europ\u00e9ennes r\u00e9unissent une telle concentration d&rsquo;institutions d\u00e9cisionnelles, de centres de recherche de renomm\u00e9e internationale, d&rsquo;universit\u00e9s et d&rsquo;entreprises de haute technologie.<\/p>\n\n\n\n<blockquote class=\"wp-block-quote is-layout-flow wp-block-quote-is-layout-flow\">\n<p class=\"wp-block-paragraph\"><em>Depuis sa relance en 2015, le BAG est devenu une organisation qui rassemble des entreprises, des centres de recherche et des universit\u00e9s partageant une ambition commune : renforcer l&rsquo;innovation et l&rsquo;excellence industrielle \u00e0 Bruxelles<\/em> &#8211; <em>Tillo Vanthuyne<\/em><\/p>\n<\/blockquote>\n\n\n\n<p class=\"wp-block-paragraph\">M\u00eame si la d\u00e9fense occupe aujourd&rsquo;hui une place grandissante, il ne faut pas opposer les diff\u00e9rents secteurs car les technologies sont de plus en plus \u00ab dual use. \u00bb Les fronti\u00e8res entre l&rsquo;a\u00e9ronautique, le spatial et la d\u00e9fense s&rsquo;effacent progressivement. Le BAG a pour mission de r\u00e9unir ces secteurs au sein d&rsquo;un m\u00eame \u00e9cosyst\u00e8me pour acc\u00e9l\u00e9rer l&rsquo;innovation. Les universit\u00e9s jouent d&rsquo;ailleurs un r\u00f4le essentiel dans cette dynamique. Sans talents, il n&rsquo;y a pas d&rsquo;innovation ! Il importe que les \u00e9coles d&rsquo;ing\u00e9nieurs et les universit\u00e9s forment les ing\u00e9nieurs de demain tout en restant \u00e9troitement connect\u00e9es aux besoins de l&rsquo;industrie.<\/p>\n\n\n\n<blockquote class=\"wp-block-quote is-layout-flow wp-block-quote-is-layout-flow\">\n<p class=\"wp-block-paragraph\"><em>Le BAG repr\u00e9sente ses membres aupr\u00e8s des autorit\u00e9s r\u00e9gionales, f\u00e9d\u00e9rales et europ\u00e9ennes, tout en cr\u00e9ant des opportunit\u00e9s de collaboration et d&rsquo;innovation<\/em>&nbsp;&#8211;&nbsp;<em>Tillo Vanthuyne<\/em><\/p>\n<\/blockquote>\n\n\n\n<p class=\"wp-block-paragraph\"><strong>Soutenir l\u2019emploi en R\u00e9gion bruxelloise&nbsp;<\/strong><\/p>\n\n\n\n<p class=\"wp-block-paragraph\">Cette dynamique b\u00e9n\u00e9ficie \u00e9galement \u00e0 l&#8217;emploi. Les secteurs de l&rsquo;a\u00e9ronautique, du spatial et de la d\u00e9fense g\u00e9n\u00e8rent des emplois hautement qualifi\u00e9s et contribuent \u00e0 l\u2019exportation. C&rsquo;est notamment pour cette raison que les autorit\u00e9s r\u00e9gionales soutiennent les activit\u00e9s du BAG et que de nouveaux membres, comme Sopra Steria ou Sphere Defence, ont r\u00e9cemment rejoint le Group.<\/p>\n\n\n\n<p class=\"wp-block-paragraph\">Le BAG travaille \u00e9galement en \u00e9troite collaboration avec les autres \u00e9cosyst\u00e8mes belges tels que Agoria-FLAG (Flemish Aerospace Group),&nbsp;&nbsp;VRI (Vlaamse Ruimtevaartindustrie) et GIWAS (Industries Wallonnes A\u00e9ronautiques et Spatiales). L\u2019objectif n\u2019est pas de nous concurrencer mais, au contraire, de mettre nos compl\u00e9mentarit\u00e9s au service d\u2019une ambition commune : renforcer la position de la Belgique dans les grands programmes europ\u00e9ens et sur la sc\u00e8ne internationale.<\/p>\n\n\n\n<p class=\"wp-block-paragraph\"><strong>Le BAG met en avant la contribution du secteur \u00e0 l&rsquo;\u00e9conomie, \u00e0 l&#8217;emploi, \u00e0 la recherche et \u00e0 la formation. Selon vous, les Bruxellois ont-ils pleinement conscience du poids strat\u00e9gique de cette industrie ?<\/strong><\/p>\n\n\n\n<p class=\"wp-block-paragraph\">Je ne le pense pas. Les activit\u00e9s a\u00e9ronautiques, spatiales et de d\u00e9fense men\u00e9es \u00e0 Bruxelles restent largement m\u00e9connues. Ce qui me frappe, c\u2019est que Bruxelles poss\u00e8de des comp\u00e9tences qui participent directement aux grands programmes europ\u00e9ens. Nous ne parlons pas d\u2019activit\u00e9s marginales : nous parlons de technologies strat\u00e9giques d\u00e9velopp\u00e9es ici, en R\u00e9gion bruxelloise&nbsp;!<\/p>\n\n\n<div class=\"wp-block-image\">\n<figure class=\"aligncenter size-large is-resized\"><img loading=\"lazy\" decoding=\"async\" width=\"1024\" height=\"576\" src=\"https:\/\/app.gate-31.com\/wp-content\/uploads\/2026\/09\/dimitrisvetsikas1969-belgium-3595338-1024x576.jpg\" alt=\"\" class=\"wp-image-3249\" style=\"width:654px;height:auto\" srcset=\"https:\/\/app.gate-31.com\/wp-content\/uploads\/2026\/09\/dimitrisvetsikas1969-belgium-3595338-1024x576.jpg 1024w, https:\/\/app.gate-31.com\/wp-content\/uploads\/2026\/09\/dimitrisvetsikas1969-belgium-3595338-300x169.jpg 300w, https:\/\/app.gate-31.com\/wp-content\/uploads\/2026\/09\/dimitrisvetsikas1969-belgium-3595338-768x432.jpg 768w, https:\/\/app.gate-31.com\/wp-content\/uploads\/2026\/09\/dimitrisvetsikas1969-belgium-3595338-1536x864.jpg 1536w, https:\/\/app.gate-31.com\/wp-content\/uploads\/2026\/09\/dimitrisvetsikas1969-belgium-3595338-2048x1152.jpg 2048w\" sizes=\"auto, (max-width: 1024px) 100vw, 1024px\" \/><figcaption class=\"wp-element-caption\">Vue de Bruxelles : les arcades du Cinquantenaire qui h\u00e9bergent entre autres le Mus\u00e9e Royal de l&rsquo;Arm\u00e9e. Image \u00a9\ufe0f dimitrisvetsikas1969<\/figcaption><\/figure>\n<\/div>\n\n\n<p class=\"wp-block-paragraph\">Pour prendre l&rsquo;exemple de SABCA, que je connais particuli\u00e8rement bien, l&rsquo;entreprise est le seul acteur europ\u00e9en \u00e0 d\u00e9velopper et fabriquer les syst\u00e8mes de vecteurs de pouss\u00e9e pour l&rsquo;ensemble des lanceurs spatiaux europ\u00e9ens. Pourtant, ce savoir-faire reste trop peu connu. C\u2019est aussi pour cette raison que nous souhaitons mieux faire conna\u00eetre le BAG et ses membres afin de d\u00e9montrer que Bruxelles est \u00e9galement un p\u00f4le d\u2019excellence en mati\u00e8re de hautes technologies.<\/p>\n\n\n\n<p class=\"wp-block-paragraph\">Nous souhaitons \u00e9galement transmettre un message positif aux jeunes dipl\u00f4m\u00e9s en leur disant qu\u2019il n&rsquo;est pas n\u00e9cessaire de partir \u00e0 l&rsquo;autre bout du monde pour participer \u00e0 des projets passionnants. Les opportunit\u00e9s existent ici, \u00e0 Bruxelles, dans des entreprises innovantes qui travaillent sur des programmes internationaux ambitieux.&nbsp;<\/p>\n\n\n\n<p class=\"wp-block-paragraph\"><strong>Quel serait votre principal souhait pour le BAG ?<\/strong><\/p>\n\n\n\n<p class=\"wp-block-paragraph\">J&rsquo;aimerais que le BAG devienne une organisation de r\u00e9f\u00e9rence pour les secteurs de l&rsquo;a\u00e9ronautique, du spatial et de la d\u00e9fense et que Bruxelles soit reconnue comme p\u00f4le d\u2019excellence.&nbsp;<\/p>\n\n\n\n<p class=\"wp-block-paragraph\">Cela signifie davantage de membres, une coop\u00e9ration encore plus forte avec nos partenaires belges et europ\u00e9ens, une visibilit\u00e9 internationale renforc\u00e9e et une participation accrue de nos membres aux grands programmes europ\u00e9ens.<\/p>\n\n\n\n<p class=\"wp-block-paragraph\"><strong>Quelle est votre vision du BAG \u00e0 l&rsquo;horizon 2030 ?<\/strong><\/p>\n\n\n\n<p class=\"wp-block-paragraph\">Tout au long de ma carri\u00e8re, j&rsquo;ai particip\u00e9 \u00e0 de nombreux programmes internationaux impliquant des partenaires de toute l&rsquo;Europe. J&rsquo;ai toujours constat\u00e9 que les plus grandes r\u00e9ussites naissent de la coop\u00e9ration.<\/p>\n\n\n\n<p class=\"wp-block-paragraph\">C&rsquo;est cette conviction qui m&rsquo;anime, aujourd&rsquo;hui, \u00e0 la Pr\u00e9sidence du BAG : construire un \u00e9cosyst\u00e8me o\u00f9 entreprises, chercheurs, universit\u00e9s et pouvoirs publics travaillent main dans la main afin de stimuler l&rsquo;innovation, renforcer la comp\u00e9titivit\u00e9 et favoriser une croissance durable pour Bruxelles et pour la Belgique&nbsp;!<\/p>\n\n\n\n<p class=\"wp-block-paragraph\"><strong>Parmi les membres&nbsp;du BAG :<\/strong><\/p>\n\n\n\n<p class=\"wp-block-paragraph\">Akkodis&nbsp;&#8211;&nbsp;BIRA-IASB (Institut royal d&rsquo;A\u00e9ronomie Spatiale de Belgique) &#8211; Ecole Polytechnique de Bruxelles (ULB) &#8211;&nbsp;H2EB-ISIB (Haute \u00e9cole) &#8211; KMI-IRM (Institut Royal M\u00e9t\u00e9orologique) &#8211; KSB-ORB (Observatoire Royal de Belgique)&nbsp;&#8211;&nbsp;NEXAT \u2013 Safran \u2013 SABCA &#8211; Sopra Steria &#8211; Sphere Defense.&nbsp;<\/p>\n","protected":false},"excerpt":{"rendered":"<p>Rencontre avec Tillo Vanthuyne, Pr\u00e9sident du Brussels Aerospace And Defence Group (BAG) Qu&rsquo;est-ce qui vous motive \u00e0 donner davantage de visibilit\u00e9 aux activit\u00e9s du &#8230;<\/p>\n","protected":false},"author":2,"featured_media":3268,"comment_status":"open","ping_status":"open","sticky":false,"template":"","format":"standard","meta":{"footnotes":""},"categories":[10,47],"tags":[15],"class_list":["post-3242","post","type-post","status-publish","format-standard","has-post-thumbnail","hentry","category-aerospace","category-defense-2","tag-francais"],"_links":{"self":[{"href":"https:\/\/app.gate-31.com\/index.php\/wp-json\/wp\/v2\/posts\/3242","targetHints":{"allow":["GET"]}}],"collection":[{"href":"https:\/\/app.gate-31.com\/index.php\/wp-json\/wp\/v2\/posts"}],"about":[{"href":"https:\/\/app.gate-31.com\/index.php\/wp-json\/wp\/v2\/types\/post"}],"author":[{"embeddable":true,"href":"https:\/\/app.gate-31.com\/index.php\/wp-json\/wp\/v2\/users\/2"}],"replies":[{"embeddable":true,"href":"https:\/\/app.gate-31.com\/index.php\/wp-json\/wp\/v2\/comments?post=3242"}],"version-history":[{"count":9,"href":"https:\/\/app.gate-31.com\/index.php\/wp-json\/wp\/v2\/posts\/3242\/revisions"}],"predecessor-version":[{"id":3266,"href":"https:\/\/app.gate-31.com\/index.php\/wp-json\/wp\/v2\/posts\/3242\/revisions\/3266"}],"wp:featuredmedia":[{"embeddable":true,"href":"https:\/\/app.gate-31.com\/index.php\/wp-json\/wp\/v2\/media\/3268"}],"wp:attachment":[{"href":"https:\/\/app.gate-31.com\/index.php\/wp-json\/wp\/v2\/media?parent=3242"}],"wp:term":[{"taxonomy":"category","embeddable":true,"href":"https:\/\/app.gate-31.com\/index.php\/wp-json\/wp\/v2\/categories?post=3242"},{"taxonomy":"post_tag","embeddable":true,"href":"https:\/\/app.gate-31.com\/index.php\/wp-json\/wp\/v2\/tags?post=3242"}],"curies":[{"name":"wp","href":"https:\/\/api.w.org\/{rel}","templated":true}]}}